{"id":23261,"date":"2022-11-01T09:17:59","date_gmt":"2022-11-01T08:17:59","guid":{"rendered":"https:\/\/wasayachts.com\/?p=23261"},"modified":"2023-04-24T09:20:40","modified_gmt":"2023-04-24T07:20:40","slug":"antligen-har-detaljplanen-vunnit-laga-kraft","status":"publish","type":"post","link":"https:\/\/wasayachts.com\/en\/antligen-har-detaljplanen-vunnit-laga-kraft\/","title":{"rendered":"\u00c4ntligen har detaljplanen vunnit laga kraft!"},"content":{"rendered":"<p>Detaljplanen har varit en p\u00e5g\u00e5ende process i 13 \u00e5r och har nu \u00e4ntligen vunnit lagakraft, detta m\u00f6jligg\u00f6r den fortsatta utvecklingen av varvet och byggnation av nya lokaler b\u00e5de f\u00f6r f\u00f6rvaring, kontor och handel.<\/p>\n\n\n\n<p>Detta \u00e4r stora nyheter f\u00f6r varvet och s\u00e4krar att vi kan vara kvar och vara verksamma p\u00e5 den plats vi ligger i dag! Vi ser fram emot att kunna utveckla varvet och erbjudandet till kunder och ut\u00f6ka samarbeten med v\u00e5ra leverant\u00f6rer och partners. F\u00f6r mer information kring detaljplanen s\u00e5 kan ni l\u00e4sa p\u00e5 S\u00f6dert\u00e4lje Kommuns sida:&nbsp;<a href=\"https:\/\/www.sodertalje.se\/bo-och-bygga\/planering\/gallande-detaljplaner\/detaljplaner2016\/detaljplan-for-hall-43-och-tysslinge-128-mfl-batvarvet\/\" target=\"_blank\" rel=\"noopener\">Mer info hos kommunen<\/a><\/p>\n\n\n\n<p>Det \u00e4r en del kvar i tillst\u00e5ndsprocesserna kvar innan vi kan b\u00f6rja bygga, men detta var det st\u00f6rsta och viktigaste beskedet f\u00f6r varvets fortsatta utveckling.<\/p>","protected":false},"excerpt":{"rendered":"<p>Detaljplanen har varit en p\u00e5g\u00e5ende process i 13 \u00e5r och har nu \u00e4ntligen vunnit lagakraft, detta m\u00f6jligg\u00f6r den fortsatta utvecklingen av varvet och byggnation av nya lokaler b\u00e5de f\u00f6r f\u00f6rvaring, kontor och handel. Detta \u00e4r stora nyheter f\u00f6r varvet och s\u00e4krar att vi kan vara kvar och vara verksamma p\u00e5 den plats vi ligger i [&hellip;]<\/p>\n","protected":false},"author":1,"featured_media":23263,"comment_status":"open","ping_status":"open","sticky":false,"template":"","format":"standard","meta":{"footnotes":""},"categories":[1],"tags":[],"class_list":["post-23261","post","type-post","status-publish","format-standard","has-post-thumbnail","hentry","category-okategoriserade"],"_links":{"self":[{"href":"https:\/\/wasayachts.com\/en\/wp-json\/wp\/v2\/posts\/23261","targetHints":{"allow":["GET"]}}],"collection":[{"href":"https:\/\/wasayachts.com\/en\/wp-json\/wp\/v2\/posts"}],"about":[{"href":"https:\/\/wasayachts.com\/en\/wp-json\/wp\/v2\/types\/post"}],"author":[{"embeddable":true,"href":"https:\/\/wasayachts.com\/en\/wp-json\/wp\/v2\/users\/1"}],"replies":[{"embeddable":true,"href":"https:\/\/wasayachts.com\/en\/wp-json\/wp\/v2\/comments?post=23261"}],"version-history":[{"count":1,"href":"https:\/\/wasayachts.com\/en\/wp-json\/wp\/v2\/posts\/23261\/revisions"}],"predecessor-version":[{"id":23264,"href":"https:\/\/wasayachts.com\/en\/wp-json\/wp\/v2\/posts\/23261\/revisions\/23264"}],"wp:featuredmedia":[{"embeddable":true,"href":"https:\/\/wasayachts.com\/en\/wp-json\/wp\/v2\/media\/23263"}],"wp:attachment":[{"href":"https:\/\/wasayachts.com\/en\/wp-json\/wp\/v2\/media?parent=23261"}],"wp:term":[{"taxonomy":"category","embeddable":true,"href":"https:\/\/wasayachts.com\/en\/wp-json\/wp\/v2\/categories?post=23261"},{"taxonomy":"post_tag","embeddable":true,"href":"https:\/\/wasayachts.com\/en\/wp-json\/wp\/v2\/tags?post=23261"}],"curies":[{"name":"wp","href":"https:\/\/api.w.org\/{rel}","templated":true}]}}